{"id":578,"date":"2020-11-13T17:30:07","date_gmt":"2020-11-13T15:30:07","guid":{"rendered":"https:\/\/market21.ch\/?p=578"},"modified":"2025-08-07T20:14:36","modified_gmt":"2025-08-07T18:14:36","slug":"covid-and-teleworking","status":"publish","type":"post","link":"https:\/\/market21.ch\/fr\/covid-and-teleworking\/","title":{"rendered":"Covid et T\u00e9l\u00e9travail"},"content":{"rendered":"<div data-elementor-type=\"wp-post\" data-elementor-id=\"578\" class=\"elementor elementor-578\">\n\t\t\t\t\t\t<section class=\"elementor-section elementor-top-section elementor-element elementor-element-c0177f5 elementor-section-boxed elementor-section-height-default elementor-section-height-default\" data-id=\"c0177f5\" data-element_type=\"section\">\n\t\t\t\t\t\t<div class=\"elementor-container elementor-column-gap-default\">\n\t\t\t\t\t<div class=\"elementor-column elementor-col-100 elementor-top-column elementor-element elementor-element-a1d6768\" data-id=\"a1d6768\" data-element_type=\"column\">\n\t\t\t<div class=\"elementor-widget-wrap elementor-element-populated\">\n\t\t\t\t\t\t<div class=\"elementor-element elementor-element-f0eaf32 elementor-nav-menu__align-center elementor-nav-menu--dropdown-tablet elementor-nav-menu__text-align-aside elementor-nav-menu--toggle elementor-nav-menu--burger elementor-widget elementor-widget-nav-menu\" data-id=\"f0eaf32\" data-element_type=\"widget\" data-settings=\"{&quot;layout&quot;:&quot;horizontal&quot;,&quot;submenu_icon&quot;:{&quot;value&quot;:&quot;&lt;i class=\\&quot;fas fa-caret-down\\&quot;&gt;&lt;\\\/i&gt;&quot;,&quot;library&quot;:&quot;fa-solid&quot;},&quot;toggle&quot;:&quot;burger&quot;}\" data-widget_type=\"nav-menu.default\">\n\t\t\t\t<div class=\"elementor-widget-container\">\n\t\t\t\t\t\t\t\t<nav migration_allowed=\"1\" migrated=\"0\" role=\"navigation\" class=\"elementor-nav-menu--main elementor-nav-menu__container elementor-nav-menu--layout-horizontal e--pointer-underline e--animation-fade\">\n\t\t\t\t<ul id=\"menu-1-f0eaf32\" class=\"elementor-nav-menu\"><li class=\"menu-item menu-item-type-post_type menu-item-object-page menu-item-home menu-item-1204\"><a href=\"https:\/\/market21.ch\/fr\/\" class=\"elementor-item\">Home<\/a><\/li>\n<li class=\"menu-item menu-item-type-post_type menu-item-object-page menu-item-1988\"><a href=\"https:\/\/market21.ch\/fr\/services\/\" class=\"elementor-item\">Services<\/a><\/li>\n<li class=\"menu-item menu-item-type-post_type menu-item-object-page current_page_parent menu-item-300\"><a href=\"https:\/\/market21.ch\/fr\/blog-digital-marketing\/\" class=\"elementor-item\">Blog<\/a><\/li>\n<li class=\"menu-item menu-item-type-post_type menu-item-object-page menu-item-1741\"><a href=\"https:\/\/market21.ch\/fr\/about-market-ch\/\" class=\"elementor-item\">Nous<\/a><\/li>\n<li class=\"menu-item menu-item-type-post_type menu-item-object-page menu-item-1735\"><a href=\"https:\/\/market21.ch\/fr\/newsletter\/\" class=\"elementor-item\">Newsletter<\/a><\/li>\n<li class=\"menu-item menu-item-type-post_type menu-item-object-page menu-item-175\"><a href=\"https:\/\/market21.ch\/fr\/contact\/\" class=\"elementor-item\">Contact<\/a><\/li>\n<li class=\"trp-language-switcher-container menu-item menu-item-type-post_type menu-item-object-language_switcher current-language-menu-item menu-item-2223\"><a href=\"https:\/\/market21.ch\/fr\/wp-json\/wp\/v2\/posts\/578\" class=\"elementor-item elementor-item-anchor\"><span data-no-translation><span class=\"trp-ls-language-name\">EN<\/span><\/span><\/a><\/li>\n<\/ul>\t\t\t<\/nav>\n\t\t\t\t\t<div class=\"elementor-menu-toggle\" role=\"button\" tabindex=\"0\" aria-label=\"Menu Toggle\" aria-expanded=\"false\">\n\t\t\t<i aria-hidden=\"true\" role=\"presentation\" class=\"eicon-menu-bar\"><\/i>\t\t\t<span class=\"elementor-screen-only\">Menu<\/span>\n\t\t<\/div>\n\t\t\t<nav class=\"elementor-nav-menu--dropdown elementor-nav-menu__container\" role=\"navigation\" aria-hidden=\"true\">\n\t\t\t\t<ul id=\"menu-2-f0eaf32\" class=\"elementor-nav-menu\"><li class=\"menu-item menu-item-type-post_type menu-item-object-page menu-item-home menu-item-1204\"><a href=\"https:\/\/market21.ch\/fr\/\" class=\"elementor-item\" tabindex=\"-1\">Home<\/a><\/li>\n<li class=\"menu-item menu-item-type-post_type menu-item-object-page menu-item-1988\"><a href=\"https:\/\/market21.ch\/fr\/services\/\" class=\"elementor-item\" tabindex=\"-1\">Services<\/a><\/li>\n<li class=\"menu-item menu-item-type-post_type menu-item-object-page current_page_parent menu-item-300\"><a href=\"https:\/\/market21.ch\/fr\/blog-digital-marketing\/\" class=\"elementor-item\" tabindex=\"-1\">Blog<\/a><\/li>\n<li class=\"menu-item menu-item-type-post_type menu-item-object-page menu-item-1741\"><a href=\"https:\/\/market21.ch\/fr\/about-market-ch\/\" class=\"elementor-item\" tabindex=\"-1\">Nous<\/a><\/li>\n<li class=\"menu-item menu-item-type-post_type menu-item-object-page menu-item-1735\"><a href=\"https:\/\/market21.ch\/fr\/newsletter\/\" class=\"elementor-item\" tabindex=\"-1\">Newsletter<\/a><\/li>\n<li class=\"menu-item menu-item-type-post_type menu-item-object-page menu-item-175\"><a href=\"https:\/\/market21.ch\/fr\/contact\/\" class=\"elementor-item\" tabindex=\"-1\">Contact<\/a><\/li>\n<li class=\"trp-language-switcher-container menu-item menu-item-type-post_type menu-item-object-language_switcher current-language-menu-item menu-item-2223\"><a href=\"https:\/\/market21.ch\/fr\/wp-json\/wp\/v2\/posts\/578\" class=\"elementor-item elementor-item-anchor\" tabindex=\"-1\"><span data-no-translation><span class=\"trp-ls-language-name\">EN<\/span><\/span><\/a><\/li>\n<\/ul>\t\t\t<\/nav>\n\t\t\t\t\t\t<\/div>\n\t\t\t\t<\/div>\n\t\t\t\t\t<\/div>\n\t\t<\/div>\n\t\t\t\t\t<\/div>\n\t\t<\/section>\n\t\t\t\t<section class=\"elementor-section elementor-top-section elementor-element elementor-element-1645ed0 elementor-section-boxed elementor-section-height-default elementor-section-height-default\" data-id=\"1645ed0\" data-element_type=\"section\">\n\t\t\t\t\t\t<div class=\"elementor-container elementor-column-gap-default\">\n\t\t\t\t\t<div class=\"elementor-column elementor-col-100 elementor-top-column elementor-element elementor-element-849ee80\" data-id=\"849ee80\" data-element_type=\"column\">\n\t\t\t<div class=\"elementor-widget-wrap elementor-element-populated\">\n\t\t\t\t\t\t<div class=\"elementor-element elementor-element-7ae181d elementor-widget elementor-widget-html\" data-id=\"7ae181d\" data-element_type=\"widget\" data-widget_type=\"html.default\">\n\t\t\t\t<div class=\"elementor-widget-container\">\n\t\t\t\t\t<!-- Facebook Pixel Code -->\n<script>\n  !function(f,b,e,v,n,t,s)\n  {if(f.fbq)return;n=f.fbq=function(){n.callMethod?\n  n.callMethod.apply(n,arguments):n.queue.push(arguments)};\n  if(!f._fbq)f._fbq=n;n.push=n;n.loaded=!0;n.version='2.0';\n  n.queue=[];t=b.createElement(e);t.async=!0;\n  t.src=v;s=b.getElementsByTagName(e)[0];\n  s.parentNode.insertBefore(t,s)}(window, document,'script',\n  'https:\/\/connect.facebook.net\/en_US\/fbevents.js');\n  fbq('init', '214694886849736');\n  fbq('track', 'PageView');\n<\/script>\n<noscript><img decoding=\"async\" height=\"1\" width=\"1\" style=\"display:none\"\n  src=\"https:\/\/www.facebook.com\/tr?id=214694886849736&ev=PageView&noscript=1\"\n\/><\/noscript>\n<!-- End Facebook Pixel Code -->\t\t\t\t<\/div>\n\t\t\t\t<\/div>\n\t\t\t\t\t<\/div>\n\t\t<\/div>\n\t\t\t\t\t<\/div>\n\t\t<\/section>\n\t\t\t\t<section class=\"elementor-section elementor-top-section elementor-element elementor-element-80d1613 elementor-section-boxed elementor-section-height-default elementor-section-height-default\" data-id=\"80d1613\" data-element_type=\"section\">\n\t\t\t\t\t\t<div class=\"elementor-container elementor-column-gap-default\">\n\t\t\t\t\t<div class=\"elementor-column elementor-col-100 elementor-top-column elementor-element elementor-element-8dfd055\" data-id=\"8dfd055\" data-element_type=\"column\">\n\t\t\t<div class=\"elementor-widget-wrap elementor-element-populated\">\n\t\t\t\t\t\t<div class=\"elementor-element elementor-element-6f67588 elementor-widget elementor-widget-text-editor\" data-id=\"6f67588\" data-element_type=\"widget\" data-widget_type=\"text-editor.default\">\n\t\t\t\t<div class=\"elementor-widget-container\">\n\t\t\t\t\t\t\t\t\t<h1 style=\"text-align: center;\"><span style=\"color: #000000;\">COVID ET TELETRAVAIL<\/span><\/h1><p><span style=\"color: #333333;\">Le coronavirus fait, depuis plusieurs mois d\u00e9j\u00e0, partie de notre quotidien. Il est \u00e0 l\u2019origine d\u2019une crise sanitaire qui se prolonge dans le temps, bien plus de ce qu\u2019on l\u2019aurait soup\u00e7onn\u00e9. D\u2019une certaine mani\u00e8re, qu\u2019on le veuille ou pas, au lieu d\u2019attendre l\u2019arriv\u00e9e d\u2019une nouvelle normalit\u00e9, on commence \u00e0 penser \u00e0 la situation actuelle comme la \u00ab\u00a0normalit\u00e9 Covid\u00bb. Sans oublier, par contre, les derni\u00e8res nouvelles encourageantes par rapport au vaccin.<\/span><\/p>\t\t\t\t\t\t\t\t<\/div>\n\t\t\t\t<\/div>\n\t\t\t\t\t<\/div>\n\t\t<\/div>\n\t\t\t\t\t<\/div>\n\t\t<\/section>\n\t\t\t\t<section class=\"elementor-section elementor-top-section elementor-element elementor-element-9e55688 elementor-section-boxed elementor-section-height-default elementor-section-height-default\" data-id=\"9e55688\" data-element_type=\"section\">\n\t\t\t\t\t\t<div class=\"elementor-container elementor-column-gap-default\">\n\t\t\t\t\t<div class=\"elementor-column elementor-col-100 elementor-top-column elementor-element elementor-element-e76f5a3\" data-id=\"e76f5a3\" data-element_type=\"column\">\n\t\t\t<div class=\"elementor-widget-wrap elementor-element-populated\">\n\t\t\t\t\t\t<div class=\"elementor-element elementor-element-06578a8 elementor-widget elementor-widget-text-editor\" data-id=\"06578a8\" data-element_type=\"widget\" data-widget_type=\"text-editor.default\">\n\t\t\t\t<div class=\"elementor-widget-container\">\n\t\t\t\t\t\t\t\t\t<p><span style=\"color: #333333;\">En ce qui concerne la vie \u00e9conomique, les limitations sont importantes, voire parfois dramatiques, sp\u00e9cialement quand celle-ci implique un contact humain direct.<\/span><\/p><p><span style=\"color: #333333;\">Beaucoup de secteurs sont touch\u00e9s, sp\u00e9cialement le tourisme, la restauration, l\u2019h\u00f4tellerie\u2026 Mais pas seulement. Par exemple, selon le Forum Economique Mondial , pendant le premier confinement, la demande d\u2019\u00e9lectricit\u00e9 aurait baiss\u00e9 de plus de10\u00a0% en Europe.<br \/><\/span><\/p>\t\t\t\t\t\t\t\t<\/div>\n\t\t\t\t<\/div>\n\t\t\t\t\t<\/div>\n\t\t<\/div>\n\t\t\t\t\t<\/div>\n\t\t<\/section>\n\t\t\t\t<section class=\"elementor-section elementor-top-section elementor-element elementor-element-aa2d484 elementor-section-boxed elementor-section-height-default elementor-section-height-default\" data-id=\"aa2d484\" data-element_type=\"section\">\n\t\t\t\t\t\t<div class=\"elementor-container elementor-column-gap-default\">\n\t\t\t\t\t<div class=\"elementor-column elementor-col-100 elementor-top-column elementor-element elementor-element-17bc25b\" data-id=\"17bc25b\" data-element_type=\"column\">\n\t\t\t<div class=\"elementor-widget-wrap elementor-element-populated\">\n\t\t\t\t\t\t<div class=\"elementor-element elementor-element-9727b05 elementor-widget elementor-widget-image\" data-id=\"9727b05\" data-element_type=\"widget\" data-widget_type=\"image.default\">\n\t\t\t\t<div class=\"elementor-widget-container\">\n\t\t\t\t\t\t\t\t\t\t\t\t\t\t\t<img fetchpriority=\"high\" decoding=\"async\" width=\"744\" height=\"323\" src=\"https:\/\/market21.ch\/wp-content\/uploads\/2020\/11\/wef_electricity_demand_drop.png\" class=\"attachment-large size-large wp-image-599\" alt=\"Electricity demand during Covid\" srcset=\"https:\/\/market21.ch\/wp-content\/uploads\/2020\/11\/wef_electricity_demand_drop.png 744w, https:\/\/market21.ch\/wp-content\/uploads\/2020\/11\/wef_electricity_demand_drop-300x130.png 300w, https:\/\/market21.ch\/wp-content\/uploads\/2020\/11\/wef_electricity_demand_drop-16x7.png 16w\" sizes=\"(max-width: 744px) 100vw, 744px\" \/>\t\t\t\t\t\t\t\t\t\t\t\t\t\t\t<\/div>\n\t\t\t\t<\/div>\n\t\t\t\t\t<\/div>\n\t\t<\/div>\n\t\t\t\t\t<\/div>\n\t\t<\/section>\n\t\t\t\t<section class=\"elementor-section elementor-top-section elementor-element elementor-element-b52a0c6 elementor-section-boxed elementor-section-height-default elementor-section-height-default\" data-id=\"b52a0c6\" data-element_type=\"section\">\n\t\t\t\t\t\t<div class=\"elementor-container elementor-column-gap-default\">\n\t\t\t\t\t<div class=\"elementor-column elementor-col-100 elementor-top-column elementor-element elementor-element-d6d276d\" data-id=\"d6d276d\" data-element_type=\"column\">\n\t\t\t<div class=\"elementor-widget-wrap elementor-element-populated\">\n\t\t\t\t\t\t<div class=\"elementor-element elementor-element-565340b elementor-widget elementor-widget-text-editor\" data-id=\"565340b\" data-element_type=\"widget\" data-widget_type=\"text-editor.default\">\n\t\t\t\t<div class=\"elementor-widget-container\">\n\t\t\t\t\t\t\t\t\t<p><span style=\"color: #333333;\">Nous avions eu la perception, au tout d\u00e9but, que cette crise allait durer quelques mois. On pensait qu\u2019il s\u2019agissait d\u2019un virus mineur, sans trop d\u2019importance. N\u00e9anmoins, avec un taux de mortalit\u00e9 au tour de 2\u00a0%, et des sympt\u00f4mes souvent similaires a ceux d\u2019un simple rhume, le virus a mis en \u00e9chec le syst\u00e8me sanitaire dans son ensemble, tout en pr\u00e9carisant la situation \u00e9conomique. Rien que \u00e7a. Et l\u2019\u00e9conomie mondiale n\u2019\u00e9tait pas, rappelons-le, dans son meilleur moment au d\u00e9but de la pand\u00e9mie.<\/span><\/p>\t\t\t\t\t\t\t\t<\/div>\n\t\t\t\t<\/div>\n\t\t\t\t\t<\/div>\n\t\t<\/div>\n\t\t\t\t\t<\/div>\n\t\t<\/section>\n\t\t\t\t<section class=\"elementor-section elementor-top-section elementor-element elementor-element-e50e3fe elementor-section-boxed elementor-section-height-default elementor-section-height-default\" data-id=\"e50e3fe\" data-element_type=\"section\">\n\t\t\t\t\t\t<div class=\"elementor-container elementor-column-gap-default\">\n\t\t\t\t\t<div class=\"elementor-column elementor-col-100 elementor-top-column elementor-element elementor-element-a9a9eb6\" data-id=\"a9a9eb6\" data-element_type=\"column\">\n\t\t\t<div class=\"elementor-widget-wrap elementor-element-populated\">\n\t\t\t\t\t\t<div class=\"elementor-element elementor-element-bec0d89 elementor-widget elementor-widget-text-editor\" data-id=\"bec0d89\" data-element_type=\"widget\" data-widget_type=\"text-editor.default\">\n\t\t\t\t<div class=\"elementor-widget-container\">\n\t\t\t\t\t\t\t\t\t<p><span style=\"color: #333333;\">Mais, est-ce que \u00e7a va durer encore longtemps\u00a0? Quand est-ce qu\u2019on en finira avec cette histoire\u00a0? Six mois, un an, deux, trois\u00a0? Si une chose reste claire, en tout cas, c\u2019est que nous sommes d\u00e9finitivement rentr\u00e9s dans l\u2019incertitude. Et celle-ci reste probablement le sc\u00e9nario le plus inconfortable pour l\u2019\u00e9conomie.<\/span><\/p><p><span style=\"color: #333333;\">Bref, il serait temps d\u2019assumer la situation telle qu\u2019elle est. Il faudrait plut\u00f4t r\u00e9agir.<\/span><\/p><p><span style=\"color: #333333;\">En fait, nous avons d\u00e9j\u00e0 commenc\u00e9 \u00e0 le faire. Notamment avec l\u2019utilisation intensive des outils qu\u2019Internet met \u00e0 notre disposition\u00a0: t\u00e9l\u00e9formation, e-commerce, t\u00e9l\u00e9travail.<\/span><\/p><p><span style=\"color: #333333;\">.<\/span><\/p>\t\t\t\t\t\t\t\t<\/div>\n\t\t\t\t<\/div>\n\t\t\t\t\t<\/div>\n\t\t<\/div>\n\t\t\t\t\t<\/div>\n\t\t<\/section>\n\t\t\t\t<section class=\"elementor-section elementor-top-section elementor-element elementor-element-07b4e51 elementor-section-boxed elementor-section-height-default elementor-section-height-default\" data-id=\"07b4e51\" data-element_type=\"section\">\n\t\t\t\t\t\t<div class=\"elementor-container elementor-column-gap-default\">\n\t\t\t\t\t<div class=\"elementor-column elementor-col-100 elementor-top-column elementor-element elementor-element-e00524d\" data-id=\"e00524d\" data-element_type=\"column\">\n\t\t\t<div class=\"elementor-widget-wrap elementor-element-populated\">\n\t\t\t\t\t\t<div class=\"elementor-element elementor-element-4c22a33 elementor-widget elementor-widget-image\" data-id=\"4c22a33\" data-element_type=\"widget\" data-widget_type=\"image.default\">\n\t\t\t\t<div class=\"elementor-widget-container\">\n\t\t\t\t\t\t\t\t\t\t\t\t\t\t\t<img decoding=\"async\" width=\"701\" height=\"321\" src=\"https:\/\/market21.ch\/wp-content\/uploads\/2020\/11\/elearning_growth.png\" class=\"attachment-large size-large wp-image-587\" alt=\"E-learning Global Growth\" srcset=\"https:\/\/market21.ch\/wp-content\/uploads\/2020\/11\/elearning_growth.png 701w, https:\/\/market21.ch\/wp-content\/uploads\/2020\/11\/elearning_growth-300x137.png 300w, https:\/\/market21.ch\/wp-content\/uploads\/2020\/11\/elearning_growth-16x7.png 16w\" sizes=\"(max-width: 701px) 100vw, 701px\" \/>\t\t\t\t\t\t\t\t\t\t\t\t\t\t\t<\/div>\n\t\t\t\t<\/div>\n\t\t\t\t\t<\/div>\n\t\t<\/div>\n\t\t\t\t\t<\/div>\n\t\t<\/section>\n\t\t\t\t<section class=\"elementor-section elementor-top-section elementor-element elementor-element-1361b43 elementor-section-boxed elementor-section-height-default elementor-section-height-default\" data-id=\"1361b43\" data-element_type=\"section\">\n\t\t\t\t\t\t<div class=\"elementor-container elementor-column-gap-default\">\n\t\t\t\t\t<div class=\"elementor-column elementor-col-100 elementor-top-column elementor-element elementor-element-af6b574\" data-id=\"af6b574\" data-element_type=\"column\">\n\t\t\t<div class=\"elementor-widget-wrap elementor-element-populated\">\n\t\t\t\t\t\t<div class=\"elementor-element elementor-element-a8112c5 elementor-widget elementor-widget-image\" data-id=\"a8112c5\" data-element_type=\"widget\" data-widget_type=\"image.default\">\n\t\t\t\t<div class=\"elementor-widget-container\">\n\t\t\t\t\t\t\t\t\t\t\t\t\t\t\t<img decoding=\"async\" src=\"https:\/\/market21.ch\/wp-content\/uploads\/elementor\/thumbs\/ecomerce_retail_sales_worldwide-oyctugb7fx7z4zupu5pj18mrbqdbddhlhammjn443c.png\" title=\"ecomerce_retail_sales_worldwide\" alt=\"E-commerce Retail Sales Worldwide\" loading=\"lazy\" \/>\t\t\t\t\t\t\t\t\t\t\t\t\t\t\t<\/div>\n\t\t\t\t<\/div>\n\t\t\t\t\t<\/div>\n\t\t<\/div>\n\t\t\t\t\t<\/div>\n\t\t<\/section>\n\t\t\t\t<section class=\"elementor-section elementor-top-section elementor-element elementor-element-7cd231e elementor-section-boxed elementor-section-height-default elementor-section-height-default\" data-id=\"7cd231e\" data-element_type=\"section\">\n\t\t\t\t\t\t<div class=\"elementor-container elementor-column-gap-default\">\n\t\t\t\t\t<div class=\"elementor-column elementor-col-100 elementor-top-column elementor-element elementor-element-18d7ff0\" data-id=\"18d7ff0\" data-element_type=\"column\">\n\t\t\t<div class=\"elementor-widget-wrap elementor-element-populated\">\n\t\t\t\t\t\t<div class=\"elementor-element elementor-element-893a4d9 elementor-widget elementor-widget-image\" data-id=\"893a4d9\" data-element_type=\"widget\" data-widget_type=\"image.default\">\n\t\t\t\t<div class=\"elementor-widget-container\">\n\t\t\t\t\t\t\t\t\t\t\t\t\t\t\t<img loading=\"lazy\" decoding=\"async\" width=\"555\" height=\"378\" src=\"https:\/\/market21.ch\/wp-content\/uploads\/2020\/11\/teleworking_growth.png\" class=\"attachment-medium_large size-medium_large wp-image-588\" alt=\"Teleworking Growth\" srcset=\"https:\/\/market21.ch\/wp-content\/uploads\/2020\/11\/teleworking_growth.png 555w, https:\/\/market21.ch\/wp-content\/uploads\/2020\/11\/teleworking_growth-300x204.png 300w, https:\/\/market21.ch\/wp-content\/uploads\/2020\/11\/teleworking_growth-16x12.png 16w\" sizes=\"(max-width: 555px) 100vw, 555px\" \/>\t\t\t\t\t\t\t\t\t\t\t\t\t\t\t<\/div>\n\t\t\t\t<\/div>\n\t\t\t\t\t<\/div>\n\t\t<\/div>\n\t\t\t\t\t<\/div>\n\t\t<\/section>\n\t\t\t\t<section class=\"elementor-section elementor-top-section elementor-element elementor-element-e1c77d3 elementor-section-boxed elementor-section-height-default elementor-section-height-default\" data-id=\"e1c77d3\" data-element_type=\"section\">\n\t\t\t\t\t\t<div class=\"elementor-container elementor-column-gap-default\">\n\t\t\t\t\t<div class=\"elementor-column elementor-col-100 elementor-top-column elementor-element elementor-element-d790ed4\" data-id=\"d790ed4\" data-element_type=\"column\">\n\t\t\t<div class=\"elementor-widget-wrap elementor-element-populated\">\n\t\t\t\t\t\t<div class=\"elementor-element elementor-element-15e2776 elementor-widget elementor-widget-text-editor\" data-id=\"15e2776\" data-element_type=\"widget\" data-widget_type=\"text-editor.default\">\n\t\t\t\t<div class=\"elementor-widget-container\">\n\t\t\t\t\t\t\t\t\t<p><span style=\"color: #333333;\">Comme nous pouvons le voir, dans les trois domaines, leur croissance \u00e9tait d\u00e9j\u00e0 l\u00e0 bien avant le Covid. Celui-ci a fonctionn\u00e9, en fait, comme un acc\u00e9l\u00e9rateur.<\/span><\/p><p><span style=\"color: #333333;\">En ce qui concerne Covid et t\u00e9l\u00e9travail, certaines entreprises, auparavant, n\u2019osaient pas faire le pas, leur fonctionnement habituel leur permettant d\u00e9j\u00e0 d\u2019atteindre leurs objectifs. Ou bien celles qui avaient mis en place la mesure \u00e0 la demande de certains employ\u00e9s qui, soit de mani\u00e8re r\u00e9guli\u00e8re, soit de mani\u00e8re ponctuelle, pratiquaient le t\u00e9l\u00e9travail par d\u00e9cision propre. Et finalement, il y avait les entreprises, surtout dans les environnements tech, qui avaient d\u00e9j\u00e0 mis\u00e9 de mani\u00e8re importante sur cette modalit\u00e9.<\/span><\/p>\t\t\t\t\t\t\t\t<\/div>\n\t\t\t\t<\/div>\n\t\t\t\t\t<\/div>\n\t\t<\/div>\n\t\t\t\t\t<\/div>\n\t\t<\/section>\n\t\t\t\t<section class=\"elementor-section elementor-top-section elementor-element elementor-element-074c2f0 elementor-section-boxed elementor-section-height-default elementor-section-height-default\" data-id=\"074c2f0\" data-element_type=\"section\">\n\t\t\t\t\t\t<div class=\"elementor-container elementor-column-gap-default\">\n\t\t\t\t\t<div class=\"elementor-column elementor-col-100 elementor-top-column elementor-element elementor-element-29611fb\" data-id=\"29611fb\" data-element_type=\"column\">\n\t\t\t<div class=\"elementor-widget-wrap elementor-element-populated\">\n\t\t\t\t\t\t<div class=\"elementor-element elementor-element-ab600d0 elementor-widget elementor-widget-text-editor\" data-id=\"ab600d0\" data-element_type=\"widget\" data-widget_type=\"text-editor.default\">\n\t\t\t\t<div class=\"elementor-widget-container\">\n\t\t\t\t\t\t\t\t\t<p><span style=\"color: #333333;\">Nous nous trouvons, dans ce sens, dans un point d\u2019inflexion important. Dix ou quinze ans en arri\u00e8re, on disait encore \u00ab\u00a0si vous n\u2019avez pas un site web, vous n\u2019existez pas dans le monde \u00e9conomique\u00a0\u00bb En revanche, aujourd\u2019hui on pourrait dire\u00a0: avoir seulement un site web, ne vous garantit pas du tout d\u2019avoir une pr\u00e9sence au pr\u00e8s de vos clients et prospects\u00a0: le site web n\u2019est plus int\u00e9ressant, il est n\u00e9cessaire\u00a0; mais souvent, insuffisant.<\/span><\/p>\t\t\t\t\t\t\t\t<\/div>\n\t\t\t\t<\/div>\n\t\t\t\t\t<\/div>\n\t\t<\/div>\n\t\t\t\t\t<\/div>\n\t\t<\/section>\n\t\t\t\t<section class=\"elementor-section elementor-top-section elementor-element elementor-element-d43e079 elementor-section-boxed elementor-section-height-default elementor-section-height-default\" data-id=\"d43e079\" data-element_type=\"section\">\n\t\t\t\t\t\t<div class=\"elementor-container elementor-column-gap-default\">\n\t\t\t\t\t<div class=\"elementor-column elementor-col-100 elementor-top-column elementor-element elementor-element-ac9b678\" data-id=\"ac9b678\" data-element_type=\"column\">\n\t\t\t<div class=\"elementor-widget-wrap elementor-element-populated\">\n\t\t\t\t\t\t<div class=\"elementor-element elementor-element-aadd721 elementor-widget elementor-widget-text-editor\" data-id=\"aadd721\" data-element_type=\"widget\" id=\"10\" data-widget_type=\"text-editor.default\">\n\t\t\t\t<div class=\"elementor-widget-container\">\n\t\t\t\t\t\t\t\t\t<p><span style=\"color: #333333;\">Eh bien, c\u2019est probablement ce type de situation que l\u2019on va commencer \u00e0 voir par rapport au t\u00e9l\u00e9travail\u00a0: c\u2019\u00e9tait, jusqu\u2019\u00e0 pr\u00e9sent, quelque chose d\u2019int\u00e9ressant, bizarre, marrant\u2026 ennuyeux parfois. \u00c0 partir de maintenant, dans certains secteurs plus que dans d\u2019autres, bien s\u00fbr, c\u2019est en train de devenir un enjeu strat\u00e9gique majeur\u00a0: si vous ne mettez-pas en place le t\u00e9l\u00e9travail, vous risquez de perdre de la comp\u00e9titivit\u00e9 par rapport \u00e0 vos concurrents. Et cela au-del\u00e0 des d\u00e9bats concernant le dumping salarial. Juste en faisant que les personnes qui aujourd\u2019hui travaillent en pr\u00e9sentielle, le fassent en t\u00e9l\u00e9travail, vous faites d\u00e9j\u00e0 des \u00e9conomies et, souvent, vous gagnez en productivit\u00e9. Sans parler des bienfaits quant \u00e0 la pollution de l\u2019air, etc.<\/span><\/p>\t\t\t\t\t\t\t\t<\/div>\n\t\t\t\t<\/div>\n\t\t\t\t\t<\/div>\n\t\t<\/div>\n\t\t\t\t\t<\/div>\n\t\t<\/section>\n\t\t\t\t<section class=\"elementor-section elementor-top-section elementor-element elementor-element-bcfbd45 elementor-section-boxed elementor-section-height-default elementor-section-height-default\" data-id=\"bcfbd45\" data-element_type=\"section\">\n\t\t\t\t\t\t<div class=\"elementor-container elementor-column-gap-default\">\n\t\t\t\t\t<div class=\"elementor-column elementor-col-100 elementor-top-column elementor-element elementor-element-20d7d70\" data-id=\"20d7d70\" data-element_type=\"column\">\n\t\t\t<div class=\"elementor-widget-wrap elementor-element-populated\">\n\t\t\t\t\t\t<div class=\"elementor-element elementor-element-b6d2e69 elementor-widget elementor-widget-text-editor\" data-id=\"b6d2e69\" data-element_type=\"widget\" data-widget_type=\"text-editor.default\">\n\t\t\t\t<div class=\"elementor-widget-container\">\n\t\t\t\t\t\t\t\t\t<p><span style=\"color: #333333;\">C\u2019est dans ce contexte-l\u00e0 que nous trouvons sp\u00e9cialement int\u00e9ressante l\u2019apparition, d\u00e9but septembre dernier, du Livre Blanc\u00a0: <span lang=\"fr-FR\">T\u00e9l\u00e9travail et Culture d\u2019Entreprise<\/span>, par Joanna Bessero et Marie-Laure Vonlanthen. La base du document est une enqu\u00eate, men\u00e9 dans le milieu entrepreneurial romand entre les mois de mai et juin pass\u00e9s, dans le but de mesurer l\u2019impact du t\u00e9l\u00e9travail avant, durant, et apr\u00e8s le premier confinement. Plus de 200 personnes, de secteurs et professions divers, r\u00e9pondent aux diff\u00e9rentes questions propos\u00e9s par l\u2019enqu\u00eate.<\/span><\/p>\t\t\t\t\t\t\t\t<\/div>\n\t\t\t\t<\/div>\n\t\t\t\t\t<\/div>\n\t\t<\/div>\n\t\t\t\t\t<\/div>\n\t\t<\/section>\n\t\t\t\t<section class=\"elementor-section elementor-top-section elementor-element elementor-element-23db1f3 elementor-section-boxed elementor-section-height-default elementor-section-height-default\" data-id=\"23db1f3\" data-element_type=\"section\">\n\t\t\t\t\t\t<div class=\"elementor-container elementor-column-gap-default\">\n\t\t\t\t\t<div class=\"elementor-column elementor-col-100 elementor-top-column elementor-element elementor-element-1afe6f2\" data-id=\"1afe6f2\" data-element_type=\"column\">\n\t\t\t<div class=\"elementor-widget-wrap elementor-element-populated\">\n\t\t\t\t\t\t<div class=\"elementor-element elementor-element-97dad44 elementor-widget elementor-widget-text-editor\" data-id=\"97dad44\" data-element_type=\"widget\" data-widget_type=\"text-editor.default\">\n\t\t\t\t<div class=\"elementor-widget-container\">\n\t\t\t\t\t\t\t\t\t<p><span style=\"color: #333333;\">Entre autres, quelques \u00e9l\u00e9ments attirent notre attention. Par exemple, le fait que la plupart des enqu\u00eat\u00e9s se consid\u00e8rent plus productifs en mode t\u00e9l\u00e9travail. De la m\u00eame mani\u00e8re, une grande majorit\u00e9 aimerait pouvoir continuer avec le t\u00e9l\u00e9travail apr\u00e8s le Covid. Le document inclut aussi des t\u00e9moignages personnels directs de plusieurs professionnels.<\/span><\/p><p><span style=\"color: #333333;\">Mais le t\u00e9l\u00e9travail, mis \u00e0 part les avantages \u00e9vidents, apporte aussi des nouveaux enjeux. Du point de vue technique, \u00e9videmment, mais surtout du point de vue humain. Il y a du boulot \u00e0 faire, aussi bien au niveau du management que des ressources humaines. Comment motiver les employ\u00e9s\u00a0? Comment s\u2019anticiper \u00e0 leurs besoins\u00a0? Comment les g\u00e9rer\u00a0? Faut-il les contr\u00f4ler\u00a0? Si oui, comment et jusqu\u2019\u00e0 quel point\u00a0? Comment \u00e9valuer leur travail\u00a0? Quel degr\u00e9 de disponibilit\u00e9 exiger \u00e0 ses employ\u00e9s\u00a0?<\/span><\/p>\t\t\t\t\t\t\t\t<\/div>\n\t\t\t\t<\/div>\n\t\t\t\t\t<\/div>\n\t\t<\/div>\n\t\t\t\t\t<\/div>\n\t\t<\/section>\n\t\t\t\t<section class=\"elementor-section elementor-top-section elementor-element elementor-element-1a3e866 elementor-section-boxed elementor-section-height-default elementor-section-height-default\" data-id=\"1a3e866\" data-element_type=\"section\">\n\t\t\t\t\t\t<div class=\"elementor-container elementor-column-gap-default\">\n\t\t\t\t\t<div class=\"elementor-column elementor-col-100 elementor-top-column elementor-element elementor-element-ab7762d\" data-id=\"ab7762d\" data-element_type=\"column\">\n\t\t\t<div class=\"elementor-widget-wrap elementor-element-populated\">\n\t\t\t\t\t\t<div class=\"elementor-element elementor-element-a90276d elementor-widget elementor-widget-text-editor\" data-id=\"a90276d\" data-element_type=\"widget\" data-widget_type=\"text-editor.default\">\n\t\t\t\t<div class=\"elementor-widget-container\">\n\t\t\t\t\t\t\t\t\t<p><span style=\"color: #333333;\">Quoi qu'il en soit, Covid et le t\u00e9l\u00e9travail vont de pair. T\u00f4t ou tard, l'\u00e8re Covid prendra fin. Esp\u00e9rons qu'elle sera tr\u00e8s proche. Mais, en tout cas, une toute nouvelle perspective s'ouvre devant nous avec l'\u00e9lan que le t\u00e9l\u00e9travail a pris.<\/span><\/p>\t\t\t\t\t\t\t\t<\/div>\n\t\t\t\t<\/div>\n\t\t\t\t\t<\/div>\n\t\t<\/div>\n\t\t\t\t\t<\/div>\n\t\t<\/section>\n\t\t\t\t<section class=\"elementor-section elementor-top-section elementor-element elementor-element-c7fdb8f elementor-section-boxed elementor-section-height-default elementor-section-height-default\" data-id=\"c7fdb8f\" data-element_type=\"section\">\n\t\t\t\t\t\t<div class=\"elementor-container elementor-column-gap-default\">\n\t\t\t\t\t<div class=\"elementor-column elementor-col-100 elementor-top-column elementor-element elementor-element-d81a984\" data-id=\"d81a984\" data-element_type=\"column\">\n\t\t\t<div class=\"elementor-widget-wrap elementor-element-populated\">\n\t\t\t\t\t\t<div class=\"elementor-element elementor-element-8e67dba elementor-widget elementor-widget-text-editor\" data-id=\"8e67dba\" data-element_type=\"widget\" data-widget_type=\"text-editor.default\">\n\t\t\t\t<div class=\"elementor-widget-container\">\n\t\t\t\t\t\t\t\t\t<p><span style=\"text-decoration: underline;\"><span style=\"color: #333333; text-decoration: underline;\">LIENS EXTERNES<\/span><\/span><\/p><ul><li><span style=\"color: #333333;\"><a style=\"color: #333333;\" href=\"https:\/\/www.weforum.org\/agenda\/2020\/05\/covid19-energy-use-drop-crisis\/\" target=\"_blank\" rel=\"noopener\">Forum Economique Mondial. Statistiques d'\u00c9lectricit\u00e9<\/a><\/span><\/li><li><span style=\"color: #333333;\"><a style=\"color: #333333;\" href=\"https:\/\/www.etf.europa.eu\/sites\/default\/files\/2018-10\/DSCandDOL_0.pdf\" target=\"_blank\" rel=\"noopener\">European Training Foundation. Croissance du T\u00e9l\u00e9travail<\/a><\/span><\/li><li><span style=\"color: #333333;\"><a style=\"color: #333333;\" href=\"https:\/\/www.emarketer.com\" target=\"_blank\" rel=\"noopener\">E-Marketer. Croissance de l' E-commerce<\/a><\/span><\/li><li><span style=\"color: #333333;\"><a style=\"color: #333333;\" href=\"https:\/\/ipums.org\/\" target=\"_blank\" rel=\"noopener\">American Community Survey; IPUMS-USA, University of Minnesota. Croissance du T\u00e9l\u00e9travail<\/a><\/span><\/li><li><span style=\"color: #333333;\"><a style=\"color: #333333;\" href=\"https:\/\/script.google.com\/macros\/s\/AKfycbwJmF3Uto8KBEVDn6Qt1Fxey6xfZNoNq_8rmTl7dlNxlajAhrBT\/exec\" target=\"_blank\" rel=\"noopener\">Livre Blanc T\u00e9l\u00e9travail Suisse Romande<\/a><\/span><\/li><\/ul>\t\t\t\t\t\t\t\t<\/div>\n\t\t\t\t<\/div>\n\t\t\t\t\t<\/div>\n\t\t<\/div>\n\t\t\t\t\t<\/div>\n\t\t<\/section>\n\t\t\t\t<section class=\"elementor-section elementor-top-section elementor-element elementor-element-fd94702 elementor-section-boxed elementor-section-height-default elementor-section-height-default\" data-id=\"fd94702\" data-element_type=\"section\">\n\t\t\t\t\t\t<div class=\"elementor-container elementor-column-gap-default\">\n\t\t\t\t\t<div class=\"elementor-column elementor-col-100 elementor-top-column elementor-element elementor-element-737afd0\" data-id=\"737afd0\" data-element_type=\"column\">\n\t\t\t<div class=\"elementor-widget-wrap elementor-element-populated\">\n\t\t\t\t\t\t<div class=\"elementor-element elementor-element-4f0e68c elementor-widget elementor-widget-html\" data-id=\"4f0e68c\" data-element_type=\"widget\" data-widget_type=\"html.default\">\n\t\t\t\t<div class=\"elementor-widget-container\">\n\t\t\t\t\t<p style=\"color:grey\"><i>Last Updated on 9 mois by <a href=\"\" target=\"_blank\" class=\"last-modified-author\">GreenGuy<\/a><\/i><\/p>\t\t\t\t<\/div>\n\t\t\t\t<\/div>\n\t\t\t\t\t<\/div>\n\t\t<\/div>\n\t\t\t\t\t<\/div>\n\t\t<\/section>\n\t\t\t\t<section class=\"elementor-section elementor-top-section elementor-element elementor-element-3f802f3 elementor-section-boxed elementor-section-height-default elementor-section-height-default\" data-id=\"3f802f3\" data-element_type=\"section\">\n\t\t\t\t\t\t<div class=\"elementor-container elementor-column-gap-default\">\n\t\t\t\t\t<div class=\"elementor-column elementor-col-100 elementor-top-column elementor-element elementor-element-cc2196e\" data-id=\"cc2196e\" data-element_type=\"column\">\n\t\t\t<div class=\"elementor-widget-wrap elementor-element-populated\">\n\t\t\t\t\t\t<div class=\"elementor-element elementor-element-eb23b97 elementor-widget elementor-widget-text-editor\" data-id=\"eb23b97\" data-element_type=\"widget\" data-widget_type=\"text-editor.default\">\n\t\t\t\t<div class=\"elementor-widget-container\">\n\t\t\t\t\t\t\t\t\t<p><div class=\"tnp tnp-subscription\">\n<form method=\"post\" action=\"https:\/\/market21.ch\/wp-admin\/admin-ajax.php?action=tnp&amp;na=s\">\n<input type=\"hidden\" name=\"nlang\" value=\"\">\n<div class=\"tnp-field tnp-field-email\"><label for=\"tnp-1\">E-mail<\/label>\n<input class=\"tnp-email\" type=\"email\" name=\"ne\" id=\"tnp-1\" value=\"\" placeholder=\"\" required><\/div>\n<div class=\"tnp-field tnp-field-button\" style=\"text-align: left\"><input class=\"tnp-submit\" type=\"submit\" value=\"NEWSLETTER - Inscription\" style=\"\">\n<\/div>\n<\/form>\n<\/div>\n<\/p>\t\t\t\t\t\t\t\t<\/div>\n\t\t\t\t<\/div>\n\t\t\t\t\t<\/div>\n\t\t<\/div>\n\t\t\t\t\t<\/div>\n\t\t<\/section>\n\t\t\t\t<section class=\"elementor-section elementor-top-section elementor-element elementor-element-7faa6ec elementor-section-boxed elementor-section-height-default elementor-section-height-default\" data-id=\"7faa6ec\" data-element_type=\"section\">\n\t\t\t\t\t\t<div class=\"elementor-container elementor-column-gap-default\">\n\t\t\t\t\t<div class=\"elementor-column elementor-col-100 elementor-top-column elementor-element elementor-element-74d9c1a\" data-id=\"74d9c1a\" data-element_type=\"column\">\n\t\t\t<div class=\"elementor-widget-wrap elementor-element-populated\">\n\t\t\t\t\t\t<div class=\"elementor-element elementor-element-4f80f08 elementor-nav-menu__align-center elementor-nav-menu--dropdown-tablet elementor-nav-menu__text-align-aside elementor-nav-menu--toggle elementor-nav-menu--burger elementor-widget elementor-widget-nav-menu\" data-id=\"4f80f08\" data-element_type=\"widget\" data-settings=\"{&quot;layout&quot;:&quot;horizontal&quot;,&quot;submenu_icon&quot;:{&quot;value&quot;:&quot;&lt;i class=\\&quot;fas fa-caret-down\\&quot;&gt;&lt;\\\/i&gt;&quot;,&quot;library&quot;:&quot;fa-solid&quot;},&quot;toggle&quot;:&quot;burger&quot;}\" data-widget_type=\"nav-menu.default\">\n\t\t\t\t<div class=\"elementor-widget-container\">\n\t\t\t\t\t\t\t\t<nav migration_allowed=\"1\" migrated=\"0\" role=\"navigation\" class=\"elementor-nav-menu--main elementor-nav-menu__container elementor-nav-menu--layout-horizontal e--pointer-underline e--animation-fade\">\n\t\t\t\t<ul id=\"menu-1-4f80f08\" class=\"elementor-nav-menu\"><li class=\"menu-item menu-item-type-post_type menu-item-object-page menu-item-home menu-item-1204\"><a href=\"https:\/\/market21.ch\/fr\/\" class=\"elementor-item\">Home<\/a><\/li>\n<li class=\"menu-item menu-item-type-post_type menu-item-object-page menu-item-1988\"><a href=\"https:\/\/market21.ch\/fr\/services\/\" class=\"elementor-item\">Services<\/a><\/li>\n<li class=\"menu-item menu-item-type-post_type menu-item-object-page current_page_parent menu-item-300\"><a href=\"https:\/\/market21.ch\/fr\/blog-digital-marketing\/\" class=\"elementor-item\">Blog<\/a><\/li>\n<li class=\"menu-item menu-item-type-post_type menu-item-object-page menu-item-1741\"><a href=\"https:\/\/market21.ch\/fr\/about-market-ch\/\" class=\"elementor-item\">Nous<\/a><\/li>\n<li class=\"menu-item menu-item-type-post_type menu-item-object-page menu-item-1735\"><a href=\"https:\/\/market21.ch\/fr\/newsletter\/\" class=\"elementor-item\">Newsletter<\/a><\/li>\n<li class=\"menu-item menu-item-type-post_type menu-item-object-page menu-item-175\"><a href=\"https:\/\/market21.ch\/fr\/contact\/\" class=\"elementor-item\">Contact<\/a><\/li>\n<li class=\"trp-language-switcher-container menu-item menu-item-type-post_type menu-item-object-language_switcher current-language-menu-item menu-item-2223\"><a href=\"https:\/\/market21.ch\/fr\/wp-json\/wp\/v2\/posts\/578\" class=\"elementor-item elementor-item-anchor\"><span data-no-translation><span class=\"trp-ls-language-name\">EN<\/span><\/span><\/a><\/li>\n<\/ul>\t\t\t<\/nav>\n\t\t\t\t\t<div class=\"elementor-menu-toggle\" role=\"button\" tabindex=\"0\" aria-label=\"Menu Toggle\" aria-expanded=\"false\">\n\t\t\t<i aria-hidden=\"true\" role=\"presentation\" class=\"eicon-menu-bar\"><\/i>\t\t\t<span class=\"elementor-screen-only\">Menu<\/span>\n\t\t<\/div>\n\t\t\t<nav class=\"elementor-nav-menu--dropdown elementor-nav-menu__container\" role=\"navigation\" aria-hidden=\"true\">\n\t\t\t\t<ul id=\"menu-2-4f80f08\" class=\"elementor-nav-menu\"><li class=\"menu-item menu-item-type-post_type menu-item-object-page menu-item-home menu-item-1204\"><a href=\"https:\/\/market21.ch\/fr\/\" class=\"elementor-item\" tabindex=\"-1\">Home<\/a><\/li>\n<li class=\"menu-item menu-item-type-post_type menu-item-object-page menu-item-1988\"><a href=\"https:\/\/market21.ch\/fr\/services\/\" class=\"elementor-item\" tabindex=\"-1\">Services<\/a><\/li>\n<li class=\"menu-item menu-item-type-post_type menu-item-object-page current_page_parent menu-item-300\"><a href=\"https:\/\/market21.ch\/fr\/blog-digital-marketing\/\" class=\"elementor-item\" tabindex=\"-1\">Blog<\/a><\/li>\n<li class=\"menu-item menu-item-type-post_type menu-item-object-page menu-item-1741\"><a href=\"https:\/\/market21.ch\/fr\/about-market-ch\/\" class=\"elementor-item\" tabindex=\"-1\">Nous<\/a><\/li>\n<li class=\"menu-item menu-item-type-post_type menu-item-object-page menu-item-1735\"><a href=\"https:\/\/market21.ch\/fr\/newsletter\/\" class=\"elementor-item\" tabindex=\"-1\">Newsletter<\/a><\/li>\n<li class=\"menu-item menu-item-type-post_type menu-item-object-page menu-item-175\"><a href=\"https:\/\/market21.ch\/fr\/contact\/\" class=\"elementor-item\" tabindex=\"-1\">Contact<\/a><\/li>\n<li class=\"trp-language-switcher-container menu-item menu-item-type-post_type menu-item-object-language_switcher current-language-menu-item menu-item-2223\"><a href=\"https:\/\/market21.ch\/fr\/wp-json\/wp\/v2\/posts\/578\" class=\"elementor-item elementor-item-anchor\" tabindex=\"-1\"><span data-no-translation><span class=\"trp-ls-language-name\">EN<\/span><\/span><\/a><\/li>\n<\/ul>\t\t\t<\/nav>\n\t\t\t\t\t\t<\/div>\n\t\t\t\t<\/div>\n\t\t\t\t\t<\/div>\n\t\t<\/div>\n\t\t\t\t\t<\/div>\n\t\t<\/section>\n\t\t\t\t<section class=\"elementor-section elementor-top-section elementor-element elementor-element-9426974 elementor-section-boxed elementor-section-height-default elementor-section-height-default\" data-id=\"9426974\" data-element_type=\"section\">\n\t\t\t\t\t\t<div class=\"elementor-container elementor-column-gap-default\">\n\t\t\t\t\t<div class=\"elementor-column elementor-col-50 elementor-top-column elementor-element elementor-element-45d713f\" data-id=\"45d713f\" data-element_type=\"column\">\n\t\t\t<div class=\"elementor-widget-wrap elementor-element-populated\">\n\t\t\t\t\t\t<div class=\"elementor-element elementor-element-b81d04d elementor-widget elementor-widget-text-editor\" data-id=\"b81d04d\" data-element_type=\"widget\" data-widget_type=\"text-editor.default\">\n\t\t\t\t<div class=\"elementor-widget-container\">\n\t\t\t\t\t\t\t\t\t<p><a href=\"https:\/\/market21.ch\/fr\/andre-guillen\/\"><img loading=\"lazy\" decoding=\"async\" class=\"alignnone wp-image-1475\" src=\"https:\/\/market21.ch\/wp-content\/uploads\/2021\/06\/Andre_Guillen_home.jpg\" alt=\"Andr\u00e9 Guillen - Marketing Ethique\" width=\"200\" height=\"153\" srcset=\"https:\/\/market21.ch\/wp-content\/uploads\/2021\/06\/Andre_Guillen_home.jpg 656w, https:\/\/market21.ch\/wp-content\/uploads\/2021\/06\/Andre_Guillen_home-300x229.jpg 300w, https:\/\/market21.ch\/wp-content\/uploads\/2021\/06\/Andre_Guillen_home-16x12.jpg 16w\" sizes=\"(max-width: 200px) 100vw, 200px\" \/><\/a><\/p>\n<p><a href=\"https:\/\/market21.ch\/fr\/andre-guillen\/\">Andr\u00e9 Guillen<\/a><br>est consultant en marketing<br>Rencontrez <a href=\"https:\/\/twitter.com\/andre1gp\" target=\"_blank\" rel=\"noopener\">@andre1gp<\/a> sur Twitter<br><a href=\"https:\/\/www.linkedin.com\/in\/andreguillen\/\" target=\"_blank\" rel=\"noopener\">Page LinkedIn d'Andr\u00e9<\/a><\/p>\t\t\t\t\t\t\t\t<\/div>\n\t\t\t\t<\/div>\n\t\t\t\t\t<\/div>\n\t\t<\/div>\n\t\t\t\t<div class=\"elementor-column elementor-col-50 elementor-top-column elementor-element elementor-element-e2b0383\" data-id=\"e2b0383\" data-element_type=\"column\">\n\t\t\t<div class=\"elementor-widget-wrap elementor-element-populated\">\n\t\t\t\t\t\t<div class=\"elementor-element elementor-element-d50d0f1 elementor-widget elementor-widget-text-editor\" data-id=\"d50d0f1\" data-element_type=\"widget\" data-widget_type=\"text-editor.default\">\n\t\t\t\t<div class=\"elementor-widget-container\">\n\t\t\t\t\t\t\t\t\t<p style=\"text-align: center;\"><span style=\"color: #000000;\">Nous en parlons?<\/span><\/p>\t\t\t\t\t\t\t\t<\/div>\n\t\t\t\t<\/div>\n\t\t\t\t<div class=\"elementor-element elementor-element-4f2f30f elementor-align-center elementor-widget elementor-widget-button\" data-id=\"4f2f30f\" data-element_type=\"widget\" data-widget_type=\"button.default\">\n\t\t\t\t<div class=\"elementor-widget-container\">\n\t\t\t\t\t\t\t\t\t<div class=\"elementor-button-wrapper\">\n\t\t\t\t\t<a class=\"elementor-button elementor-button-link elementor-size-xl\" href=\"https:\/\/market21.ch\/fr\/contact\/\">\n\t\t\t\t\t\t<span class=\"elementor-button-content-wrapper\">\n\t\t\t\t\t\t<span class=\"elementor-button-icon\">\n\t\t\t\t<i aria-hidden=\"true\" class=\"far fa-comment-dots\"><\/i>\t\t\t<\/span>\n\t\t\t\t\t\t\t\t\t<span class=\"elementor-button-text\">Contactez-nous!<\/span>\n\t\t\t\t\t<\/span>\n\t\t\t\t\t<\/a>\n\t\t\t\t<\/div>\n\t\t\t\t\t\t\t\t<\/div>\n\t\t\t\t<\/div>\n\t\t\t\t\t<\/div>\n\t\t<\/div>\n\t\t\t\t\t<\/div>\n\t\t<\/section>\n\t\t\t\t<section class=\"elementor-section elementor-top-section elementor-element elementor-element-174d944 elementor-section-boxed elementor-section-height-default elementor-section-height-default\" data-id=\"174d944\" data-element_type=\"section\">\n\t\t\t\t\t\t<div class=\"elementor-container elementor-column-gap-default\">\n\t\t\t\t\t<div class=\"elementor-column elementor-col-100 elementor-top-column elementor-element elementor-element-d37a06f\" data-id=\"d37a06f\" data-element_type=\"column\">\n\t\t\t<div class=\"elementor-widget-wrap elementor-element-populated\">\n\t\t\t\t\t\t<div class=\"elementor-element elementor-element-9f4a52f elementor-shape-rounded elementor-grid-0 e-grid-align-center elementor-widget elementor-widget-social-icons\" data-id=\"9f4a52f\" data-element_type=\"widget\" data-widget_type=\"social-icons.default\">\n\t\t\t\t<div class=\"elementor-widget-container\">\n\t\t\t\t\t\t\t<div class=\"elementor-social-icons-wrapper elementor-grid\" role=\"list\">\n\t\t\t\t\t\t\t<span class=\"elementor-grid-item\" role=\"listitem\">\n\t\t\t\t\t<a class=\"elementor-icon elementor-social-icon elementor-social-icon-linkedin elementor-animation-grow elementor-repeater-item-588bf7c\" href=\"https:\/\/www.linkedin.com\/company\/market21-ch\" target=\"_blank\" rel=\"noopener\">\n\t\t\t\t\t\t<span class=\"elementor-screen-only\">Linkedin<\/span>\n\t\t\t\t\t\t<i aria-hidden=\"true\" class=\"fab fa-linkedin\"><\/i>\t\t\t\t\t<\/a>\n\t\t\t\t<\/span>\n\t\t\t\t\t\t\t<span class=\"elementor-grid-item\" role=\"listitem\">\n\t\t\t\t\t<a class=\"elementor-icon elementor-social-icon elementor-social-icon-mastodon elementor-animation-grow elementor-repeater-item-16abdc8\" href=\"https:\/\/mastodon.green\/@market21_ch\" target=\"_blank\" rel=\"noopener\">\n\t\t\t\t\t\t<span class=\"elementor-screen-only\">Mastodon<\/span>\n\t\t\t\t\t\t<i aria-hidden=\"true\" class=\"fab fa-mastodon\"><\/i>\t\t\t\t\t<\/a>\n\t\t\t\t<\/span>\n\t\t\t\t\t<\/div>\n\t\t\t\t\t\t<\/div>\n\t\t\t\t<\/div>\n\t\t\t\t\t<\/div>\n\t\t<\/div>\n\t\t\t\t\t<\/div>\n\t\t<\/section>\n\t\t\t\t<\/div>","protected":false},"excerpt":{"rendered":"<p>COVID AND TELEWORKING The corona-virus has been part of our daily life for several months now. It is at the origin of a wide health crisis, much wider than we would have imagined. In a way, whether we like it or not, instead of waiting for the arrival of a new normality, we are starting [&hellip;]<\/p>","protected":false},"author":2,"featured_media":539,"comment_status":"closed","ping_status":"closed","sticky":false,"template":"","format":"standard","meta":{"inline_featured_image":false,"_lmt_disableupdate":"no","_lmt_disable":"no","footnotes":""},"categories":[1],"tags":[],"class_list":["post-578","post","type-post","status-publish","format-standard","has-post-thumbnail","hentry","category-uncategorized"],"modified_by":"GreenGuy","_links":{"self":[{"href":"https:\/\/market21.ch\/fr\/wp-json\/wp\/v2\/posts\/578","targetHints":{"allow":["GET"]}}],"collection":[{"href":"https:\/\/market21.ch\/fr\/wp-json\/wp\/v2\/posts"}],"about":[{"href":"https:\/\/market21.ch\/fr\/wp-json\/wp\/v2\/types\/post"}],"author":[{"embeddable":true,"href":"https:\/\/market21.ch\/fr\/wp-json\/wp\/v2\/users\/2"}],"replies":[{"embeddable":true,"href":"https:\/\/market21.ch\/fr\/wp-json\/wp\/v2\/comments?post=578"}],"version-history":[{"count":100,"href":"https:\/\/market21.ch\/fr\/wp-json\/wp\/v2\/posts\/578\/revisions"}],"predecessor-version":[{"id":3418,"href":"https:\/\/market21.ch\/fr\/wp-json\/wp\/v2\/posts\/578\/revisions\/3418"}],"wp:featuredmedia":[{"embeddable":true,"href":"https:\/\/market21.ch\/fr\/wp-json\/wp\/v2\/media\/539"}],"wp:attachment":[{"href":"https:\/\/market21.ch\/fr\/wp-json\/wp\/v2\/media?parent=578"}],"wp:term":[{"taxonomy":"category","embeddable":true,"href":"https:\/\/market21.ch\/fr\/wp-json\/wp\/v2\/categories?post=578"},{"taxonomy":"post_tag","embeddable":true,"href":"https:\/\/market21.ch\/fr\/wp-json\/wp\/v2\/tags?post=578"}],"curies":[{"name":"wp","href":"https:\/\/api.w.org\/{rel}","templated":true}]}}